{
    "licitacoes-e-contratos": [
        {
            "creation_date": "2017-12-07T13:30:50-02:00", 
            "description": "", 
            "file": {
                "filename": "CONTRATO ELMAR 2016.pdf", 
                "height": 0, 
                "size": 4831566, 
                "uri": "https://www.aroeiras.pb.leg.br/transparencia/licitacoes-e-contratos/contrato-elmar-ano-2016/@@images/file", 
                "width": 0
            }, 
            "modification_date": "2020-05-08T12:08:03-03:00", 
            "title": "contrato Elmar ano 2016", 
            "uri": "https://www.aroeiras.pb.leg.br/transparencia/licitacoes-e-contratos/contrato-elmar-ano-2016"
        }, 
        {
            "creation_date": "2017-12-07T13:31:57-02:00", 
            "description": "", 
            "file": {
                "filename": "CONTRATO ELMAR 2017.pdf", 
                "height": 0, 
                "size": 4455397, 
                "uri": "https://www.aroeiras.pb.leg.br/transparencia/licitacoes-e-contratos/contrato-elmar-ano-2017/@@images/file", 
                "width": 0
            }, 
            "modification_date": "2020-05-08T12:08:04-03:00", 
            "title": "contrato Elmar ano 2017", 
            "uri": "https://www.aroeiras.pb.leg.br/transparencia/licitacoes-e-contratos/contrato-elmar-ano-2017"
        }, 
        {
            "creation_date": "2017-12-07T14:11:12-02:00", 
            "description": "", 
            "file": {
                "filename": "LICITA\u00c7\u00c3O 2017- ASSESSORIA E CONSULTORIA JURIDICA..pdf", 
                "height": 0, 
                "size": 21986361, 
                "uri": "https://www.aroeiras.pb.leg.br/transparencia/licitacoes-e-contratos/licitacao-2017-assessoria-juridica/@@images/file", 
                "width": 0
            }, 
            "modification_date": "2020-05-08T12:08:05-03:00", 
            "title": "LICITA\u00c7\u00c3O - 2017 ASSESSORIA JUR\u00cdDICA", 
            "uri": "https://www.aroeiras.pb.leg.br/transparencia/licitacoes-e-contratos/licitacao-2017-assessoria-juridica"
        }, 
        {
            "creation_date": "2017-12-07T14:40:58-02:00", 
            "description": "", 
            "file": {
                "filename": "LICITA\u00c7\u00c3O-2017 AQUISI\u00c7\u00c3O DE COMBUSTIVEL.pdf", 
                "height": 0, 
                "size": 29981820, 
                "uri": "https://www.aroeiras.pb.leg.br/transparencia/licitacoes-e-contratos/licitacao-2017-aquisicao-de-combustivel/@@images/file", 
                "width": 0
            }, 
            "modification_date": "2020-05-08T12:08:07-03:00", 
            "title": "LICITA\u00c7\u00c3O - 2017 AQUISI\u00c7\u00c3O DE COMBUSTIVEL", 
            "uri": "https://www.aroeiras.pb.leg.br/transparencia/licitacoes-e-contratos/licitacao-2017-aquisicao-de-combustivel"
        }, 
        {
            "creation_date": "2017-12-07T16:12:17-02:00", 
            "description": "", 
            "file": {
                "filename": "LICITA\u00c7\u00c3O - 2017 ASSESSORIA CONTABIL.pdf", 
                "height": 0, 
                "size": 15734953, 
                "uri": "https://www.aroeiras.pb.leg.br/transparencia/licitacoes-e-contratos/licitacao-2017-assessoria-contabil/@@images/file", 
                "width": 0
            }, 
            "modification_date": "2020-05-08T12:08:08-03:00", 
            "title": "LICITA\u00c7\u00c3O - 2017 ASSESSORIA CONTABIL", 
            "uri": "https://www.aroeiras.pb.leg.br/transparencia/licitacoes-e-contratos/licitacao-2017-assessoria-contabil"
        }, 
        {
            "creation_date": "2017-12-07T16:22:52-02:00", 
            "description": "", 
            "file": {
                "filename": "LICITA\u00c7\u00c3O - 2017 LOCA\u00c7\u00c3O DE VEICULOS.pdf", 
                "height": 0, 
                "size": 18107338, 
                "uri": "https://www.aroeiras.pb.leg.br/transparencia/licitacoes-e-contratos/licitacao-2017-locacao-de-veiculos/@@images/file", 
                "width": 0
            }, 
            "modification_date": "2020-05-08T12:08:09-03:00", 
            "title": "LICITA\u00c7\u00c3O- 2017 LOCA\u00c7\u00c3O DE VEICULOS", 
            "uri": "https://www.aroeiras.pb.leg.br/transparencia/licitacoes-e-contratos/licitacao-2017-locacao-de-veiculos"
        }, 
        {
            "creation_date": "2017-12-07T16:41:54-02:00", 
            "description": "", 
            "file": {
                "filename": "LICITA\u00c7\u00c3O - 2016 ASSESSORIA COTABIL.pdf", 
                "height": 0, 
                "size": 5495825, 
                "uri": "https://www.aroeiras.pb.leg.br/transparencia/licitacoes-e-contratos/licitacao-2016-assessoria-contabil/@@images/file", 
                "width": 0
            }, 
            "modification_date": "2020-05-08T12:08:11-03:00", 
            "title": "LICITA\u00c7\u00c3O- 2016 ASSESSORIA CONTABIL", 
            "uri": "https://www.aroeiras.pb.leg.br/transparencia/licitacoes-e-contratos/licitacao-2016-assessoria-contabil"
        }, 
        {
            "creation_date": "2017-12-07T16:54:38-02:00", 
            "description": "", 
            "file": {
                "filename": "LICITA\u00c7\u00c3O 2016  ASSESSORIA JUDIDICA.pdf", 
                "height": 0, 
                "size": 7566763, 
                "uri": "https://www.aroeiras.pb.leg.br/transparencia/licitacoes-e-contratos/licitacao-2016-assessoria-juridica/@@images/file", 
                "width": 0
            }, 
            "modification_date": "2020-05-08T12:08:12-03:00", 
            "title": "LICITA\u00c7\u00c3O - 2016 ASSESSORIA JUR\u00cdDICA", 
            "uri": "https://www.aroeiras.pb.leg.br/transparencia/licitacoes-e-contratos/licitacao-2016-assessoria-juridica"
        }, 
        {
            "creation_date": "2018-09-05T13:57:41-03:00", 
            "description": "SEGUE EM ANEXO LICITA\u00c7\u00c3O DO ESCRIT\u00d3RIO DE ADVOCACIA QUE PRESTA SERVI\u00c7OS A ESTA CASA LEGISLATIVA.", 
            "file": {
                "filename": "Scan0412.pdf", 
                "height": 0, 
                "size": 19343812, 
                "uri": "https://www.aroeiras.pb.leg.br/transparencia/licitacoes-e-contratos/licitacao-2018-acessoria-juridica/@@images/file", 
                "width": 0
            }, 
            "modification_date": "2020-05-08T12:08:13-03:00", 
            "title": "LICITA\u00c7\u00c3O - 2018 ACESS\u00d3RIA JUR\u00cdDICA. ", 
            "uri": "https://www.aroeiras.pb.leg.br/transparencia/licitacoes-e-contratos/licitacao-2018-acessoria-juridica"
        }, 
        {
            "creation_date": "2018-09-05T14:26:26-03:00", 
            "description": "SEGUE EM ANEXO LICITA\u00c7\u00c3O DO ESCRIT\u00d3RIO DE CONTABILIDADE QUE PRESTA SERVI\u00c7OS A ESTA CASA LEGISLATIVA", 
            "file": {
                "filename": "Scan0413.pdf", 
                "height": 0, 
                "size": 15167413, 
                "uri": "https://www.aroeiras.pb.leg.br/transparencia/licitacoes-e-contratos/licitacao-2018-assessoria-contabil/@@images/file", 
                "width": 0
            }, 
            "modification_date": "2020-05-08T12:08:15-03:00", 
            "title": "LICITA\u00c7\u00c3O - 2018 ASSESSORIA CONT\u00c1BIL.", 
            "uri": "https://www.aroeiras.pb.leg.br/transparencia/licitacoes-e-contratos/licitacao-2018-assessoria-contabil"
        }, 
        {
            "creation_date": "2018-09-05T14:55:22-03:00", 
            "description": "SEGUE EM ANEXO LICITA\u00c7\u00c3O DE LOCA\u00c7\u00c3O DE UM VEICULO QUE PRESTA SERVI\u00c7OS A ESTA CASA LEGISLATIVA.", 
            "file": {
                "filename": "Scan0414.pdf", 
                "height": 0, 
                "size": 34669955, 
                "uri": "https://www.aroeiras.pb.leg.br/transparencia/licitacoes-e-contratos/licitacao-2018-locacao-de-veiculo/@@images/file", 
                "width": 0
            }, 
            "modification_date": "2020-05-08T12:08:16-03:00", 
            "title": "LICITA\u00c7\u00c3O 2018- LOCA\u00c7\u00c3O DE VEICULO.", 
            "uri": "https://www.aroeiras.pb.leg.br/transparencia/licitacoes-e-contratos/licitacao-2018-locacao-de-veiculo"
        }, 
        {
            "creation_date": "2018-11-01T15:53:37-02:00", 
            "description": "", 
            "file": {
                "filename": "Scan0511.pdf", 
                "height": 0, 
                "size": 32817136, 
                "uri": "https://www.aroeiras.pb.leg.br/transparencia/licitacoes-e-contratos/licitacao-aquisicao-de-combustivel-2018/@@images/file", 
                "width": 0
            }, 
            "modification_date": "2020-05-08T12:08:18-03:00", 
            "title": "LICITA\u00c7\u00c3O AQUISI\u00c7\u00c3O DE COMBUST\u00cdVEL 2018", 
            "uri": "https://www.aroeiras.pb.leg.br/transparencia/licitacoes-e-contratos/licitacao-aquisicao-de-combustivel-2018"
        }, 
        {
            "creation_date": "2020-08-10T12:48:02-03:00", 
            "description": "", 
            "file": {
                "filename": "processo licitatorio loca\u00e7\u00e3o de veiculo 2019.pdf", 
                "height": 0, 
                "size": 24925595, 
                "uri": "https://www.aroeiras.pb.leg.br/transparencia/licitacoes-e-contratos/licitacao-locacao-de-veiculo-2019/@@images/file", 
                "width": 0
            }, 
            "modification_date": "2020-08-10T12:48:03-03:00", 
            "title": "Licita\u00e7\u00e3o loca\u00e7\u00e3o de veiculo 2019", 
            "uri": "https://www.aroeiras.pb.leg.br/transparencia/licitacoes-e-contratos/licitacao-locacao-de-veiculo-2019"
        }, 
        {
            "creation_date": "2020-08-10T12:52:40-03:00", 
            "description": "", 
            "file": {
                "filename": "proesso licitatorio aquisi\u00e7\u00e3o de combustivel 2019.pdf", 
                "height": 0, 
                "size": 11366909, 
                "uri": "https://www.aroeiras.pb.leg.br/transparencia/licitacoes-e-contratos/licitacao-aquisicao-de-combustivel-2019/@@images/file", 
                "width": 0
            }, 
            "modification_date": "2020-08-10T12:52:40-03:00", 
            "title": "LICITA\u00c7\u00c3O AQUISI\u00c7\u00c3O DE COMBUST\u00cdVEL 2019", 
            "uri": "https://www.aroeiras.pb.leg.br/transparencia/licitacoes-e-contratos/licitacao-aquisicao-de-combustivel-2019"
        }, 
        {
            "creation_date": "2020-08-10T12:56:06-03:00", 
            "description": "", 
            "file": {
                "filename": "processo licitatorio inegibilidade advogado 2019.pdf", 
                "height": 0, 
                "size": 12542257, 
                "uri": "https://www.aroeiras.pb.leg.br/transparencia/licitacoes-e-contratos/licitacao-inexigibilidade-consultoria-juridica-2019/@@images/file", 
                "width": 0
            }, 
            "modification_date": "2020-08-10T12:56:07-03:00", 
            "title": "LICITA\u00c7\u00c3O INEXIGIBILIDADE CONSULTORIA JUR\u00cdDICA 2019", 
            "uri": "https://www.aroeiras.pb.leg.br/transparencia/licitacoes-e-contratos/licitacao-inexigibilidade-consultoria-juridica-2019"
        }, 
        {
            "creation_date": "2020-08-10T13:25:02-03:00", 
            "description": "", 
            "file": {
                "filename": "PROCESSO LICITATORIO CONTADOR 2019 ANEXO 01.pdf", 
                "height": 0, 
                "size": 9569517, 
                "uri": "https://www.aroeiras.pb.leg.br/transparencia/licitacoes-e-contratos/licitacao-inexigibilidade-consultoria-em-contabilidade-2019/@@images/file", 
                "width": 0
            }, 
            "modification_date": "2020-08-10T13:25:02-03:00", 
            "title": "LICITA\u00c7\u00c3O INEXIGIBILIDADE CONSULTORIA EM CONTABILIDADE 2019", 
            "uri": "https://www.aroeiras.pb.leg.br/transparencia/licitacoes-e-contratos/licitacao-inexigibilidade-consultoria-em-contabilidade-2019"
        }, 
        {
            "creation_date": "2020-08-10T13:27:43-03:00", 
            "description": "", 
            "file": {
                "filename": "PROCESSO LICITATORIO CONTADOR 2019 ANEXO 02.pdf", 
                "height": 0, 
                "size": 22852813, 
                "uri": "https://www.aroeiras.pb.leg.br/transparencia/licitacoes-e-contratos/licitacao-inexigibilidade-consultoria-em-contabilidade-2019-1/@@images/file", 
                "width": 0
            }, 
            "modification_date": "2020-08-10T13:27:43-03:00", 
            "title": "LICITA\u00c7\u00c3O INEXIGIBILIDADE CONSULTORIA EM CONTABILIDADE 2019", 
            "uri": "https://www.aroeiras.pb.leg.br/transparencia/licitacoes-e-contratos/licitacao-inexigibilidade-consultoria-em-contabilidade-2019-1"
        }, 
        {
            "creation_date": "2020-12-16T13:42:36-03:00", 
            "description": "aquisi\u00e7\u00e3o de moveis  de escrit\u00f3rios em geral ( moveis projetados)\r\npara atender o uso nas depend\u00eancias da C\u00e2mara Municipal de Aroeiras PB.", 
            "file": {
                "filename": "PROCESSO DE DISP NA\u0302\u00ba 001-2020_.pdf", 
                "height": 0, 
                "size": 6347740, 
                "uri": "https://www.aroeiras.pb.leg.br/transparencia/licitacoes-e-contratos/dispensa-de-licitacao-2020/@@images/file", 
                "width": 0
            }, 
            "modification_date": "2020-12-16T13:42:36-03:00", 
            "title": "DISPENSA DE LICITA\u00c7\u00c3O 2020", 
            "uri": "https://www.aroeiras.pb.leg.br/transparencia/licitacoes-e-contratos/dispensa-de-licitacao-2020"
        }
    ], 
    "orcamento-e-financas": [
        {
            "creation_date": "2015-09-22T19:51:57-03:00", 
            "description": "DEMONSTRATIVO DE DESPESA COM PESSOAL", 
            "modification_date": "2015-09-22T20:14:54-03:00", 
            "title": "RELAT\u00d3RIO DE GEST\u00c3O FISCAL", 
            "uri": "https://www.aroeiras.pb.leg.br/transparencia/orcamento-e-financas/relatorio-de-gestao-fiscal"
        }, 
        {
            "creation_date": "2017-08-02T13:33:07-03:00", 
            "description": "", 
            "file": {
                "filename": "Scan0050.pdf", 
                "height": 0, 
                "size": 514071, 
                "uri": "https://www.aroeiras.pb.leg.br/transparencia/orcamento-e-financas/folha-de-pagamento-mes-de-junho-2017/@@images/file", 
                "width": 0
            }, 
            "modification_date": "2020-05-08T12:07:37-03:00", 
            "title": "FOLHA DE PAGAMENTO  M\u00caS DE JUNHO 2017", 
            "uri": "https://www.aroeiras.pb.leg.br/transparencia/orcamento-e-financas/folha-de-pagamento-mes-de-junho-2017"
        }, 
        {
            "creation_date": "2017-08-02T13:36:29-03:00", 
            "description": "", 
            "file": {
                "filename": "Scan0051.pdf", 
                "height": 0, 
                "size": 903163, 
                "uri": "https://www.aroeiras.pb.leg.br/transparencia/orcamento-e-financas/folha-de-pagamento-primeira-parcela-do-dec-terceiro-2017/@@images/file", 
                "width": 0
            }, 
            "modification_date": "2020-05-08T12:07:38-03:00", 
            "title": "FOLHA DE PAGAMENTO PRIMEIRA PARCELA DO D\u00c9C . TERCEIRO 2017", 
            "uri": "https://www.aroeiras.pb.leg.br/transparencia/orcamento-e-financas/folha-de-pagamento-primeira-parcela-do-dec-terceiro-2017"
        }, 
        {
            "creation_date": "2017-08-02T13:38:35-03:00", 
            "description": "", 
            "file": {
                "filename": "Scan0052.pdf", 
                "height": 0, 
                "size": 524472, 
                "uri": "https://www.aroeiras.pb.leg.br/transparencia/orcamento-e-financas/folha-de-pagamento-mes-de-julho-2017/@@images/file", 
                "width": 0
            }, 
            "modification_date": "2020-05-08T12:07:39-03:00", 
            "title": "FOLHA DE PAGAMENTO  M\u00caS DE JULHO 2017", 
            "uri": "https://www.aroeiras.pb.leg.br/transparencia/orcamento-e-financas/folha-de-pagamento-mes-de-julho-2017"
        }, 
        {
            "creation_date": "2017-08-16T14:07:20-03:00", 
            "description": "", 
            "file": {
                "filename": "BALAN\u00c7O FINANCEIRO FEVEREIRO 2017.zip", 
                "height": 0, 
                "size": 1544091, 
                "uri": "https://www.aroeiras.pb.leg.br/transparencia/orcamento-e-financas/balanco-financeiro-fevereiro-2017/@@images/file", 
                "width": 0
            }, 
            "modification_date": "2020-05-08T12:07:40-03:00", 
            "title": "BALAN\u00c7O FINANCEIRO FEVEREIRO 2017", 
            "uri": "https://www.aroeiras.pb.leg.br/transparencia/orcamento-e-financas/balanco-financeiro-fevereiro-2017"
        }, 
        {
            "creation_date": "2017-08-16T14:17:31-03:00", 
            "description": "", 
            "file": {
                "filename": "BALAN\u00c7O FINANCEIRO DE JANEIRO 2017.zip", 
                "height": 0, 
                "size": 1300506, 
                "uri": "https://www.aroeiras.pb.leg.br/transparencia/orcamento-e-financas/balancete-mes-de-janeiro-2017/@@images/file", 
                "width": 0
            }, 
            "modification_date": "2020-05-08T12:07:40-03:00", 
            "title": "BALAN\u00c7O  FINANCEIRO  DE JANEIRO 2017", 
            "uri": "https://www.aroeiras.pb.leg.br/transparencia/orcamento-e-financas/balancete-mes-de-janeiro-2017"
        }, 
        {
            "creation_date": "2017-08-16T14:22:20-03:00", 
            "description": "", 
            "file": {
                "filename": "BALAN\u00c7O FINACEIRO MAR\u00c7O 2017.zip", 
                "height": 0, 
                "size": 1450334, 
                "uri": "https://www.aroeiras.pb.leg.br/transparencia/orcamento-e-financas/balanco-financeiro-marco-2017/@@images/file", 
                "width": 0
            }, 
            "modification_date": "2020-05-08T12:07:40-03:00", 
            "title": "BALAN\u00c7O FINANCEIRO MAR\u00c7O 2017", 
            "uri": "https://www.aroeiras.pb.leg.br/transparencia/orcamento-e-financas/balanco-financeiro-marco-2017"
        }, 
        {
            "creation_date": "2017-08-16T14:25:36-03:00", 
            "description": "", 
            "file": {
                "filename": "BALAN\u00c7O FINACEIRO ABRIL 2017.zip", 
                "height": 0, 
                "size": 1244743, 
                "uri": "https://www.aroeiras.pb.leg.br/transparencia/orcamento-e-financas/balanco-financeiro-abril-2017/@@images/file", 
                "width": 0
            }, 
            "modification_date": "2020-05-08T12:07:40-03:00", 
            "title": "BALAN\u00c7O FINANCEIRO ABRIL 2017", 
            "uri": "https://www.aroeiras.pb.leg.br/transparencia/orcamento-e-financas/balanco-financeiro-abril-2017"
        }, 
        {
            "creation_date": "2017-08-16T14:28:16-03:00", 
            "description": "", 
            "file": {
                "filename": "BALAN\u00c7O FINANCEIRO MAIO 2017.zip", 
                "height": 0, 
                "size": 1352597, 
                "uri": "https://www.aroeiras.pb.leg.br/transparencia/orcamento-e-financas/balanco-financeiro-maio-2017/@@images/file", 
                "width": 0
            }, 
            "modification_date": "2020-05-08T12:07:40-03:00", 
            "title": "BALAN\u00c7O FINANCEIRO MAIO 2017", 
            "uri": "https://www.aroeiras.pb.leg.br/transparencia/orcamento-e-financas/balanco-financeiro-maio-2017"
        }, 
        {
            "creation_date": "2017-08-16T14:31:41-03:00", 
            "description": "", 
            "file": {
                "filename": "BALAN\u00c7O FINANCEIRO JUNHO 2017.zip", 
                "height": 0, 
                "size": 1266793, 
                "uri": "https://www.aroeiras.pb.leg.br/transparencia/orcamento-e-financas/balanco-financeiro-junho-2017/@@images/file", 
                "width": 0
            }, 
            "modification_date": "2020-05-08T12:07:41-03:00", 
            "title": "BALAN\u00c7O FINANCEIRO JUNHO 2017", 
            "uri": "https://www.aroeiras.pb.leg.br/transparencia/orcamento-e-financas/balanco-financeiro-junho-2017"
        }, 
        {
            "creation_date": "2017-09-11T14:42:57-03:00", 
            "description": "", 
            "file": {
                "filename": "Balancete_Julho%2f17.zip", 
                "height": 0, 
                "size": 1469795, 
                "uri": "https://www.aroeiras.pb.leg.br/transparencia/orcamento-e-financas/balanco-financeiro-julho-2017/@@images/file", 
                "width": 0
            }, 
            "modification_date": "2020-05-08T12:07:41-03:00", 
            "title": "BALAN\u00c7O FINANCEIRO JULHO 2017", 
            "uri": "https://www.aroeiras.pb.leg.br/transparencia/orcamento-e-financas/balanco-financeiro-julho-2017"
        }, 
        {
            "creation_date": "2017-09-29T08:29:13-03:00", 
            "description": "", 
            "file": {
                "filename": "Balancete_Agosto%2f17.zip", 
                "height": 0, 
                "size": 1516655, 
                "uri": "https://www.aroeiras.pb.leg.br/transparencia/orcamento-e-financas/balanco-financeiro-agosto-2017/@@images/file", 
                "width": 0
            }, 
            "modification_date": "2020-05-08T12:07:41-03:00", 
            "title": "BALAN\u00c7O FINANCEIRO AGOSTO 2017", 
            "uri": "https://www.aroeiras.pb.leg.br/transparencia/orcamento-e-financas/balanco-financeiro-agosto-2017"
        }, 
        {
            "creation_date": "2017-10-18T14:25:14-02:00", 
            "description": "", 
            "file": {
                "filename": "Balancete_setembro%2f17.zip", 
                "height": 0, 
                "size": 1387599, 
                "uri": "https://www.aroeiras.pb.leg.br/transparencia/orcamento-e-financas/balanco-financeiro-setembro-2017-1/@@images/file", 
                "width": 0
            }, 
            "modification_date": "2020-05-08T12:07:41-03:00", 
            "title": "BALAN\u00c7O FINANCEIRO SETEMBRO 2017", 
            "uri": "https://www.aroeiras.pb.leg.br/transparencia/orcamento-e-financas/balanco-financeiro-setembro-2017-1"
        }, 
        {
            "creation_date": "2017-10-26T09:38:57-02:00", 
            "description": "", 
            "modification_date": "2017-10-26T09:39:04-02:00", 
            "title": "P P A PLANO PLURIANUAL QUADRI\u00caNIO 2018 - 2021", 
            "uri": "https://www.aroeiras.pb.leg.br/transparencia/orcamento-e-financas/p-p-a-plano-plurianual-quadrienio-2018-2021"
        }, 
        {
            "creation_date": "2017-10-26T16:31:35-02:00", 
            "description": "", 
            "modification_date": "2017-10-26T16:38:36-02:00", 
            "title": "PROJETO DE LEI OR\u00c7AMENT\u00c1RIO ANUAL 2018", 
            "uri": "https://www.aroeiras.pb.leg.br/transparencia/orcamento-e-financas/projeto-de-lei-orcamentario-anual-2018"
        }, 
        {
            "creation_date": "2017-12-20T14:56:44-02:00", 
            "description": "", 
            "file": {
                "filename": "Balancete_novembro%2f17.zip", 
                "height": 0, 
                "size": 1566072, 
                "uri": "https://www.aroeiras.pb.leg.br/transparencia/orcamento-e-financas/balancete-mes-de-novembro-2017/@@images/file", 
                "width": 0
            }, 
            "modification_date": "2020-05-08T12:07:43-03:00", 
            "title": "BALANCETE  M\u00caS  DE NOVEMBRO 2017", 
            "uri": "https://www.aroeiras.pb.leg.br/transparencia/orcamento-e-financas/balancete-mes-de-novembro-2017"
        }, 
        {
            "creation_date": "2018-05-08T10:13:58-03:00", 
            "description": "", 
            "file": {
                "filename": "EXECU\u00c7\u00c3O OR\u00c7AMENTARIA E FINAN\u00c7AS 012018.pdf", 
                "height": 0, 
                "size": 2340934, 
                "uri": "https://www.aroeiras.pb.leg.br/transparencia/orcamento-e-financas/financas-01-2018/@@images/file", 
                "width": 0
            }, 
            "modification_date": "2020-05-08T12:07:43-03:00", 
            "title": "Finan\u00e7as 01/2018", 
            "uri": "https://www.aroeiras.pb.leg.br/transparencia/orcamento-e-financas/financas-01-2018"
        }, 
        {
            "creation_date": "2018-05-08T10:15:43-03:00", 
            "description": "", 
            "file": {
                "filename": "EXECU\u00c7\u00c3O OR\u00c7AMENTARIA E FINAN\u00c7AS 02 2018.pdf", 
                "height": 0, 
                "size": 2547484, 
                "uri": "https://www.aroeiras.pb.leg.br/transparencia/orcamento-e-financas/financas-02-2018/@@images/file", 
                "width": 0
            }, 
            "modification_date": "2020-05-08T12:07:45-03:00", 
            "title": "Finan\u00e7as 02/2018", 
            "uri": "https://www.aroeiras.pb.leg.br/transparencia/orcamento-e-financas/financas-02-2018"
        }, 
        {
            "creation_date": "2018-05-08T10:29:20-03:00", 
            "description": "", 
            "file": {
                "filename": "EXECU\u00c7\u00c3O OR\u00c7AMENTARIA E FINAN\u00c7AS 02 2017.pdf", 
                "height": 0, 
                "size": 3386256, 
                "uri": "https://www.aroeiras.pb.leg.br/transparencia/orcamento-e-financas/financas-02-2017/@@images/file", 
                "width": 0
            }, 
            "modification_date": "2020-05-08T12:07:46-03:00", 
            "title": "Finan\u00e7as 02 2017", 
            "uri": "https://www.aroeiras.pb.leg.br/transparencia/orcamento-e-financas/financas-02-2017"
        }, 
        {
            "creation_date": "2018-05-08T10:38:05-03:00", 
            "description": "", 
            "file": {
                "filename": "EXECU\u00c7\u00c3O OR\u00c7AMENTARIA E FINAN\u00c7AS 03 2017.pdf", 
                "height": 0, 
                "size": 5466273, 
                "uri": "https://www.aroeiras.pb.leg.br/transparencia/orcamento-e-financas/financas-03-2017/@@images/file", 
                "width": 0
            }, 
            "modification_date": "2020-05-08T12:07:47-03:00", 
            "title": "Finan\u00e7as 03 2017", 
            "uri": "https://www.aroeiras.pb.leg.br/transparencia/orcamento-e-financas/financas-03-2017"
        }, 
        {
            "creation_date": "2018-05-08T10:43:01-03:00", 
            "description": "", 
            "file": {
                "filename": "EXECU\u00c7\u00c3O OR\u00c7AMENTARIA E FINAN\u00c7AS 04 2017.pdf", 
                "height": 0, 
                "size": 4925610, 
                "uri": "https://www.aroeiras.pb.leg.br/transparencia/orcamento-e-financas/financas-04-2017/@@images/file", 
                "width": 0
            }, 
            "modification_date": "2020-05-08T12:07:49-03:00", 
            "title": "Finan\u00e7as 04 2017", 
            "uri": "https://www.aroeiras.pb.leg.br/transparencia/orcamento-e-financas/financas-04-2017"
        }, 
        {
            "creation_date": "2018-05-08T10:49:30-03:00", 
            "description": "", 
            "file": {
                "filename": "EXECU\u00c7\u00c3O OR\u00c7AMENTARIA E FINAN\u00c7AS 05 2017.pdf", 
                "height": 0, 
                "size": 3943834, 
                "uri": "https://www.aroeiras.pb.leg.br/transparencia/orcamento-e-financas/financas-05-2017/@@images/file", 
                "width": 0
            }, 
            "modification_date": "2020-05-08T12:07:50-03:00", 
            "title": "Finan\u00e7as 05 2017", 
            "uri": "https://www.aroeiras.pb.leg.br/transparencia/orcamento-e-financas/financas-05-2017"
        }, 
        {
            "creation_date": "2018-05-08T10:59:12-03:00", 
            "description": "", 
            "file": {
                "filename": "execu\u00e7\u00e3o or\u00e7amentaria e finan\u00e7as 06 2017.pdf", 
                "height": 0, 
                "size": 3641786, 
                "uri": "https://www.aroeiras.pb.leg.br/transparencia/orcamento-e-financas/financas-06-2017/@@images/file", 
                "width": 0
            }, 
            "modification_date": "2020-05-08T12:07:51-03:00", 
            "title": "Finan\u00e7as 06 2017", 
            "uri": "https://www.aroeiras.pb.leg.br/transparencia/orcamento-e-financas/financas-06-2017"
        }, 
        {
            "creation_date": "2018-05-08T13:14:15-03:00", 
            "description": "", 
            "file": {
                "filename": "execu\u00e7\u00e3o or\u00e7amentaria e financeira 07 2017.pdf", 
                "height": 0, 
                "size": 3656902, 
                "uri": "https://www.aroeiras.pb.leg.br/transparencia/orcamento-e-financas/financas-07-2017/@@images/file", 
                "width": 0
            }, 
            "modification_date": "2020-05-08T12:07:52-03:00", 
            "title": "Finan\u00e7as 07 2017", 
            "uri": "https://www.aroeiras.pb.leg.br/transparencia/orcamento-e-financas/financas-07-2017"
        }, 
        {
            "creation_date": "2018-05-08T13:23:30-03:00", 
            "description": "", 
            "file": {
                "filename": "execu\u00e7\u00e3o or\u00e7amentaria e financeira 08 2017.pdf", 
                "height": 0, 
                "size": 5352862, 
                "uri": "https://www.aroeiras.pb.leg.br/transparencia/orcamento-e-financas/financas-08-2017/@@images/file", 
                "width": 0
            }, 
            "modification_date": "2020-05-08T12:07:54-03:00", 
            "title": "Finan\u00e7as 08 2017", 
            "uri": "https://www.aroeiras.pb.leg.br/transparencia/orcamento-e-financas/financas-08-2017"
        }, 
        {
            "creation_date": "2018-05-08T13:27:02-03:00", 
            "description": "", 
            "file": {
                "filename": "execu\u00e7\u00e3o or\u00e7amentaria e finan\u00e7as 09 2017.pdf", 
                "height": 0, 
                "size": 3871837, 
                "uri": "https://www.aroeiras.pb.leg.br/transparencia/orcamento-e-financas/financas-09-2017/@@images/file", 
                "width": 0
            }, 
            "modification_date": "2020-05-08T12:07:55-03:00", 
            "title": "Finan\u00e7as 09 2017", 
            "uri": "https://www.aroeiras.pb.leg.br/transparencia/orcamento-e-financas/financas-09-2017"
        }, 
        {
            "creation_date": "2018-05-08T13:33:12-03:00", 
            "description": "", 
            "file": {
                "filename": "execu\u00e7\u00e3o or\u00e7amentaria e finan\u00e7as 10 2017.pdf", 
                "height": 0, 
                "size": 4686214, 
                "uri": "https://www.aroeiras.pb.leg.br/transparencia/orcamento-e-financas/financas-10-2017/@@images/file", 
                "width": 0
            }, 
            "modification_date": "2020-05-08T12:07:56-03:00", 
            "title": "Finan\u00e7as 10 2017", 
            "uri": "https://www.aroeiras.pb.leg.br/transparencia/orcamento-e-financas/financas-10-2017"
        }, 
        {
            "creation_date": "2018-05-08T13:46:18-03:00", 
            "description": "", 
            "file": {
                "filename": "execu\u00e7\u00e3o or\u00e7amenteria e finan\u00e7as 11 2017.pdf", 
                "height": 0, 
                "size": 2935182, 
                "uri": "https://www.aroeiras.pb.leg.br/transparencia/orcamento-e-financas/financas-11-2017/@@images/file", 
                "width": 0
            }, 
            "modification_date": "2020-05-08T12:07:57-03:00", 
            "title": "Finan\u00e7as 11 2017", 
            "uri": "https://www.aroeiras.pb.leg.br/transparencia/orcamento-e-financas/financas-11-2017"
        }, 
        {
            "creation_date": "2018-05-08T14:05:25-03:00", 
            "description": "", 
            "file": {
                "filename": "execu\u00e7\u00e3o or\u00e7amentaria e finan\u00e7as 12 2017.pdf", 
                "height": 0, 
                "size": 4556754, 
                "uri": "https://www.aroeiras.pb.leg.br/transparencia/orcamento-e-financas/financas-12-2017/@@images/file", 
                "width": 0
            }, 
            "modification_date": "2020-05-08T12:07:59-03:00", 
            "title": "Finan\u00e7as 12 2017", 
            "uri": "https://www.aroeiras.pb.leg.br/transparencia/orcamento-e-financas/financas-12-2017"
        }, 
        {
            "creation_date": "2018-05-08T14:09:28-03:00", 
            "description": "", 
            "file": {
                "filename": "execu\u00e7\u00e3o or\u00e7amentaria e finan\u00e7as 01 2017.pdf", 
                "height": 0, 
                "size": 3151728, 
                "uri": "https://www.aroeiras.pb.leg.br/transparencia/orcamento-e-financas/financas-01-2017/@@images/file", 
                "width": 0
            }, 
            "modification_date": "2020-05-08T12:08:00-03:00", 
            "title": "Finan\u00e7as 01 2017", 
            "uri": "https://www.aroeiras.pb.leg.br/transparencia/orcamento-e-financas/financas-01-2017"
        }, 
        {
            "creation_date": "2018-05-18T08:20:45-03:00", 
            "description": "", 
            "file": {
                "filename": "execu\u00e7\u00e3o or\u00e7amentaria e finan\u00e7as 03 2018.pdf", 
                "height": 0, 
                "size": 2619327, 
                "uri": "https://www.aroeiras.pb.leg.br/transparencia/orcamento-e-financas/financas-03-2018/@@images/file", 
                "width": 0
            }, 
            "modification_date": "2020-05-08T12:08:01-03:00", 
            "title": "Finan\u00e7as 03 2018", 
            "uri": "https://www.aroeiras.pb.leg.br/transparencia/orcamento-e-financas/financas-03-2018"
        }, 
        {
            "creation_date": "2018-11-01T15:28:29-02:00", 
            "description": "", 
            "modification_date": "2018-11-01T15:30:05-02:00", 
            "remoteUrl": " http://transparencia.elmar.inf.br/?e=101017", 
            "title": "TRANSPAR\u00caNCIA FINANCEIRA 2017 ", 
            "uri": "https://www.aroeiras.pb.leg.br/transparencia/orcamento-e-financas/transparencia-financeira-2017"
        }
    ], 
    "parlamentares-e-gabinetes": [
        {
            "creation_date": "2021-01-22T07:19:56-03:00", 
            "description": "", 
            "modification_date": "2021-05-17T15:03:24-03:00", 
            "title": "                       PARLAMENTARES", 
            "uri": "https://www.aroeiras.pb.leg.br/transparencia/parlamentares-e-gabinetes/parlamentares"
        }, 
        {
            "creation_date": "2021-05-17T14:59:32-03:00", 
            "description": "", 
            "image": {
                "filename": "ANTONIO JOSE DA SILVA.jpg", 
                "height": 1024, 
                "size": 45861, 
                "uri": "https://www.aroeiras.pb.leg.br/transparencia/parlamentares-e-gabinetes/antonio-jose-da-silva.jpg/@@images/image", 
                "width": 1023
            }, 
            "modification_date": "2021-05-17T14:59:33-03:00", 
            "title": "ANTONIO JOSE DA SILVA.jpg", 
            "uri": "https://www.aroeiras.pb.leg.br/transparencia/parlamentares-e-gabinetes/antonio-jose-da-silva.jpg"
        }, 
        {
            "creation_date": "2021-05-17T14:59:34-03:00", 
            "description": "", 
            "image": {
                "filename": "CARLOS PEREIRA ALVES.jpg", 
                "height": 225, 
                "size": 14648, 
                "uri": "https://www.aroeiras.pb.leg.br/transparencia/parlamentares-e-gabinetes/carlos-pereira-alves.jpg/@@images/image", 
                "width": 161
            }, 
            "modification_date": "2021-05-17T14:59:34-03:00", 
            "title": "CARLOS PEREIRA ALVES.jpg", 
            "uri": "https://www.aroeiras.pb.leg.br/transparencia/parlamentares-e-gabinetes/carlos-pereira-alves.jpg"
        }, 
        {
            "creation_date": "2021-05-17T14:59:34-03:00", 
            "description": "", 
            "image": {
                "filename": "EVALDO  DE FARIAS GOMES.jpg", 
                "height": 225, 
                "size": 18636, 
                "uri": "https://www.aroeiras.pb.leg.br/transparencia/parlamentares-e-gabinetes/evaldo-de-farias-gomes.jpg/@@images/image", 
                "width": 161
            }, 
            "modification_date": "2021-05-17T14:59:34-03:00", 
            "title": "EVALDO  DE FARIAS GOMES.jpg", 
            "uri": "https://www.aroeiras.pb.leg.br/transparencia/parlamentares-e-gabinetes/evaldo-de-farias-gomes.jpg"
        }, 
        {
            "creation_date": "2021-05-17T14:59:34-03:00", 
            "description": "", 
            "image": {
                "filename": "JOSE AMAURY DE SOUZA ALBUQUERQUE FILHO.jpg", 
                "height": 225, 
                "size": 15275, 
                "uri": "https://www.aroeiras.pb.leg.br/transparencia/parlamentares-e-gabinetes/jose-amaury-de-souza-albuquerque-filho.jpg/@@images/image", 
                "width": 161
            }, 
            "modification_date": "2021-05-17T14:59:34-03:00", 
            "title": "JOSE AMAURY DE SOUZA ALBUQUERQUE FILHO.jpg", 
            "uri": "https://www.aroeiras.pb.leg.br/transparencia/parlamentares-e-gabinetes/jose-amaury-de-souza-albuquerque-filho.jpg"
        }, 
        {
            "creation_date": "2021-05-17T14:59:34-03:00", 
            "description": "", 
            "image": {
                "filename": "MANOEL AVELINO.jpg", 
                "height": 225, 
                "size": 17134, 
                "uri": "https://www.aroeiras.pb.leg.br/transparencia/parlamentares-e-gabinetes/manoel-avelino.jpg/@@images/image", 
                "width": 161
            }, 
            "modification_date": "2021-05-17T14:59:35-03:00", 
            "title": "MANOEL AVELINO.jpg", 
            "uri": "https://www.aroeiras.pb.leg.br/transparencia/parlamentares-e-gabinetes/manoel-avelino.jpg"
        }, 
        {
            "creation_date": "2021-05-17T14:59:35-03:00", 
            "description": "", 
            "image": {
                "filename": "MARIO BARBOSA.jpg", 
                "height": 225, 
                "size": 17587, 
                "uri": "https://www.aroeiras.pb.leg.br/transparencia/parlamentares-e-gabinetes/mario-barbosa.jpg/@@images/image", 
                "width": 161
            }, 
            "modification_date": "2021-05-17T14:59:35-03:00", 
            "title": "MARIO BARBOSA.jpg", 
            "uri": "https://www.aroeiras.pb.leg.br/transparencia/parlamentares-e-gabinetes/mario-barbosa.jpg"
        }, 
        {
            "creation_date": "2021-05-17T14:59:35-03:00", 
            "description": "", 
            "image": {
                "filename": "MILTON BARBOSA DO EGITO.jpg", 
                "height": 225, 
                "size": 16294, 
                "uri": "https://www.aroeiras.pb.leg.br/transparencia/parlamentares-e-gabinetes/milton-barbosa-do-egito.jpg/@@images/image", 
                "width": 161
            }, 
            "modification_date": "2021-05-17T14:59:35-03:00", 
            "title": "MILTON BARBOSA DO EGITO.jpg", 
            "uri": "https://www.aroeiras.pb.leg.br/transparencia/parlamentares-e-gabinetes/milton-barbosa-do-egito.jpg"
        }, 
        {
            "creation_date": "2021-05-17T14:59:35-03:00", 
            "description": "", 
            "image": {
                "filename": "RIVALDO HILARIO DA SILVA ZEFERINO.jpg", 
                "height": 225, 
                "size": 18434, 
                "uri": "https://www.aroeiras.pb.leg.br/transparencia/parlamentares-e-gabinetes/rivaldo-hilario-da-silva-zeferino.jpg/@@images/image", 
                "width": 161
            }, 
            "modification_date": "2021-05-17T14:59:35-03:00", 
            "title": "RIVALDO HILARIO DA SILVA ZEFERINO.jpg", 
            "uri": "https://www.aroeiras.pb.leg.br/transparencia/parlamentares-e-gabinetes/rivaldo-hilario-da-silva-zeferino.jpg"
        }, 
        {
            "creation_date": "2021-05-17T14:59:36-03:00", 
            "description": "", 
            "image": {
                "filename": "SEVERINO ALVES DA SILVA JUNIOR.jpeg", 
                "height": 225, 
                "size": 34579, 
                "uri": "https://www.aroeiras.pb.leg.br/transparencia/parlamentares-e-gabinetes/severino-alves-da-silva-junior.jpeg/@@images/image", 
                "width": 161
            }, 
            "modification_date": "2021-05-17T14:59:36-03:00", 
            "title": "SEVERINO ALVES DA SILVA JUNIOR.jpeg", 
            "uri": "https://www.aroeiras.pb.leg.br/transparencia/parlamentares-e-gabinetes/severino-alves-da-silva-junior.jpeg"
        }, 
        {
            "creation_date": "2021-05-17T14:59:36-03:00", 
            "description": "", 
            "image": {
                "filename": "WELLIGTON PEREIRA DA SILVA.jpeg", 
                "height": 225, 
                "size": 17216, 
                "uri": "https://www.aroeiras.pb.leg.br/transparencia/parlamentares-e-gabinetes/welligton-pereira-da-silva.jpeg/@@images/image", 
                "width": 161
            }, 
            "modification_date": "2021-05-17T14:59:36-03:00", 
            "title": "WELLIGTON PEREIRA DA SILVA.jpeg", 
            "uri": "https://www.aroeiras.pb.leg.br/transparencia/parlamentares-e-gabinetes/welligton-pereira-da-silva.jpeg"
        }, 
        {
            "creation_date": "2021-05-17T14:59:36-03:00", 
            "description": "", 
            "image": {
                "filename": "WILDER GOMES DE MENDON\u00c7A.jpg", 
                "height": 225, 
                "size": 14002, 
                "uri": "https://www.aroeiras.pb.leg.br/transparencia/parlamentares-e-gabinetes/wilder-gomes-de-mendonca.jpg/@@images/image", 
                "width": 161
            }, 
            "modification_date": "2021-05-17T14:59:36-03:00", 
            "title": "WILDER GOMES DE MENDON\u00c7A.jpg", 
            "uri": "https://www.aroeiras.pb.leg.br/transparencia/parlamentares-e-gabinetes/wilder-gomes-de-mendonca.jpg"
        }
    ], 
    "recursos-humanos": []
}